{"id":133,"date":"2021-01-05T13:43:00","date_gmt":"2021-01-05T13:43:00","guid":{"rendered":""},"modified":"2021-10-18T20:28:08","modified_gmt":"2021-10-18T20:28:08","slug":"novedades-bibliograficas-enero-2021","status":"publish","type":"post","link":"https:\/\/bibliotecablog.laorotava.es\/index.php\/2021\/01\/05\/novedades-bibliograficas-enero-2021\/","title":{"rendered":"NOVEDADES BIBLIOGR\u00c1FICAS ENERO 2021"},"content":{"rendered":"<p style=\"text-align: justify;\">Cubiertas, t\u00edtulos y peque\u00f1as sinopsis de las primeras adquisiciones del presente a\u00f1o.<\/p>\n<p style=\"text-align: justify;\"><\/p>\n<p style=\"text-align: justify;\"><b><\/b><\/p>\n<div style=\"clear: both; text-align: center;\"><b><a href=\"https:\/\/draft.blogger.com\/blog\/post\/edit\/7793508890121828262\/1725233736474993149\" rel=\"nofollow noopener\" style=\"margin-left: 1em; margin-right: 1em;\" target=\"\"><img decoding=\"async\" border=\"0\" data-original-height=\"2048\" data-original-width=\"1397\" height=\"320\" src=\"http:\/\/bibliotecablog.laorotava.es\/wp-content\/uploads\/2021\/01\/amaro-2bpargo_alfredo-2bl-25c3-25b3pez-2bp-25c3-25a9rez-204x300.jpg\" \/><\/a><\/b><\/div>\n<p><b><br \/>Amaro Pargo. Fe, amor y ra\u00edces \/ Alfredo L\u00f3pez P\u00e9rez (Isoko). Algani, 2020<\/b><\/p>\n<p style=\"text-align: justify;\">Relato emocional, sensitivo e hist\u00f3rico, a partes iguales, y bien aderezado. Es un recorrido basado en esos tres valores y principios esenciales de los protagonistas de esta bella e interesante historia, que va a arrojar mucha luz sobre la leyenda y las sombras de una historia no siempre bien contada, del ilustre comerciante, capit\u00e1n, corsario y noble canario, Amaro Rodr\u00edguez Felipe, y de otros personajes a \u00e9l vinculados, por lazos familiares, amistad o negocios.&nbsp; Y, es que Amaro Pargo, desde su propia existencia hasta nuestros d\u00edas, ha estado envuelto en un halo de misterio, y en ocasiones, un pretendido olvido por motivos diversos, cuando uno de sus principales atractivos, que no el \u00fanico, es precisamente su presencia significativa, fundamental, en la historia de Canarias y Espa\u00f1a,&nbsp; de la primera mitad del Siglo XVIII, \u00e9poca de la Carrera de Indias y posterior reforma del comercio, el auge del corsarismo y la pirater\u00eda en el tri\u00e1ngulo comercial Canarias, Caribe y C\u00e1diz, la Guerra de Sucesi\u00f3n Espa\u00f1ola, los continuos conflictos contra Inglaterra y naciones aliadas, etc.&nbsp;<\/p>\n<p style=\"text-align: justify;\"><b><\/b><\/p>\n<div style=\"clear: both; text-align: center;\"><b><a href=\"https:\/\/www.gobiernodecanarias.org\/bibliotecavirtual\/cgi-bin\/opac?SUBC=TF\/TF10\/214&amp;ACC=DOSEARCH&amp;xsqf03=saenz&amp;ACC=DOSEARCH&amp;xsqf02=aquitania\" style=\"margin-left: 1em; margin-right: 1em;\" target=\"_blank\" rel=\"noopener\"><img decoding=\"async\" border=\"0\" data-original-height=\"2048\" data-original-width=\"1333\" height=\"320\" src=\"http:\/\/bibliotecablog.laorotava.es\/wp-content\/uploads\/2021\/01\/aquitania_garc-25c3-25ada-2bs-25c3-25a1enz-2bde-2burrutia-195x300.jpg\" \/><\/a><\/b><\/div>\n<p><b><br \/>Aquitania \/ Eva Garc\u00eda S\u00e1enz de Urturi. Planeta, 2020<\/b><\/p>\n<p style=\"text-align: justify;\">1137. El duque de Aquitania \u2014la regi\u00f3n m\u00e1s codiciada de Francia\u2014 aparece muerto en Compostela. El cuerpo queda de color azul y con la marca del \u00ab\u00e1guila de sangre\u00bb, una ancestral tortura normanda. Su hija Eleanor decide vengarse y para ello se casa con el hijo del que cree su asesino: Luy VI el Gordo, rey de Francia.&nbsp;<\/p>\n<p style=\"text-align: justify;\">Pero el propio rey muere durante la boda en id\u00e9nticas circunstancias. Eleanor y Luy VII intentar\u00e1n averiguar, junto con los gatos aquitanos \u2014los \u00e9picos esp\u00edas de los duques\u2014, qui\u00e9n quiere a los inexpertos reyes en el trono.<\/p>\n<p style=\"text-align: justify;\">D\u00e9cadas antes de la muerte del duque de Aquitania, un ni\u00f1o sin nombre es abandonado en un bosque por sus cinco madres. Acaso un monstruo, o tal vez un santo, el peque\u00f1o superviviente acabar\u00e1 convirti\u00e9ndose en uno de los hombres m\u00e1s excepcionales del medievo europeo.<\/p>\n<p style=\"text-align: justify;\"><b><\/b><\/p>\n<div style=\"clear: both; text-align: center;\"><b><a href=\"https:\/\/www.gobiernodecanarias.org\/bibliotecavirtual\/cgi-bin\/opac?SUBC=TF\/TF10\/214&amp;ACC=DOSEARCH&amp;xsqf03=trujillo&amp;ACC=DOSEARCH&amp;xsqf02=fauna+hierro\" style=\"margin-left: 1em; margin-right: 1em;\" target=\"_blank\" rel=\"noopener\"><img decoding=\"async\" border=\"0\" data-original-height=\"2048\" data-original-width=\"1503\" height=\"320\" src=\"http:\/\/bibliotecablog.laorotava.es\/wp-content\/uploads\/2021\/01\/fauna-2bde-2bel-2bhierro_domingo-2btrujillo-2bgonz-25c3-25a1lez-220x300.jpg\" \/><\/a><\/b><\/div>\n<p><b><br \/>Fauna de El Hierro. Aves, reptiles, mam\u00edferos, anfibios y peces de agua dulce \/ Domingo Trujillo Gonz\u00e1lez, Miguel \u00c1ngel Rodr\u00edguez Dom\u00ednguez ; [pr\u00f3logo, Juan Jos\u00e9 Bacallado Ar\u00e1nega]. Turquesa, 2020<\/b><\/p>\n<p style=\"text-align: justify;\">Estudio exhaustivo y actualizado de toda la fauna de vertebrados de la isla de El Hierro: todas las especies, con toda la informaci\u00f3n necesaria para la identificaci\u00f3n r\u00e1pida de cualquier especie, fichas individuales que incluyen distribuci\u00f3n, estatus, h\u00e1bitat, alimentaci\u00f3n&#8230; Incluye cap\u00edtulo dedicado a la fauna vertebrada del pasado e informaci\u00f3n reciente sobre planes y acciones de conservaci\u00f3n de especies amenazadas, sobre orograf\u00eda, geolog\u00eda, geograf\u00eda humana, suelos, clima y vegetaci\u00f3n, sobre la biodiversidad terrestre y marina, los espacios naturales protegidos&#8230; Con m\u00e1s 900 fotos seleccionadas de gran calidad.<\/p>\n<p style=\"text-align: justify;\"><b><\/b><\/p>\n<div style=\"clear: both; text-align: center;\"><b><a href=\"https:\/\/www.gobiernodecanarias.org\/bibliotecavirtual\/cgi-bin\/opac?SUBC=TF\/TF10\/214&amp;ACC=DOSEARCH&amp;xsqf02=libro+musica+clasica\" style=\"margin-left: 1em; margin-right: 1em;\" target=\"_blank\" rel=\"noopener\"><img decoding=\"async\" border=\"0\" data-original-height=\"2048\" data-original-width=\"1673\" height=\"320\" src=\"http:\/\/bibliotecablog.laorotava.es\/wp-content\/uploads\/2021\/01\/m-25c3-25basica-2bcl-25c3-25a1sica-245x300.jpg\" \/><\/a><\/b><\/div>\n<p><b><br \/>El libro de la m\u00fasica cl\u00e1sica \/ [colaboradores, Steve Collisson&#8230; (et al.) ; traducci\u00f3n, Montserrat Asensio Fern\u00e1ndez y Jos\u00e9 Luis L\u00f3pez Angulo]. Akal, 2019<\/b><\/p>\n<p style=\"text-align: justify;\">\u00bfQui\u00e9n escribi\u00f3 la primera \u00f3pera? \u00bfCu\u00e1l es el origen del sistema de notaci\u00f3n musical? \u00bfC\u00f3mo construyen los compositores una sinfon\u00eda? Este libro responde estas y otras muchas cuestiones mediante el an\u00e1lisis de piezas musicales clave y su impacto en la evoluci\u00f3n de la m\u00fasica cl\u00e1sica occidental, desde el surgimiento del canto llano hasta el desarrollo del minimalismo moderno.<\/p>\n<p style=\"text-align: justify;\">El libro de la m\u00fasica cl\u00e1sica analiza con un lenguaje claro m\u00e1s de noventa obras de distintos compositores, unos legendarios y otros menos conocidos, e incluye&nbsp; diagramas e infograf\u00edas que explican los conceptos fundamentales y las grandes ideas que subyacen a la creaci\u00f3n y la apreciaci\u00f3n de la m\u00fasica cl\u00e1sica.&nbsp;<\/p>\n<p style=\"text-align: justify;\">Tanto el oyente&nbsp; ocasional como el aut\u00e9ntico aficionado encontrar\u00e1n en este sugerente libro una \u00fatil herramienta para entender mejor la m\u00fasica cl\u00e1sica.<\/p>\n<p style=\"text-align: justify;\"><b><\/b><\/p>\n<div style=\"clear: both; text-align: center;\"><b><a href=\"https:\/\/www.gobiernodecanarias.org\/bibliotecavirtual\/cgi-bin\/opac?SUBC=TF\/TF10\/214&amp;ACC=DOSEARCH&amp;xsqf03=jesus&amp;ACC=DOSEARCH&amp;xsqf02=chirino\" style=\"margin-left: 1em; margin-right: 1em;\" target=\"_blank\" rel=\"noopener\"><img decoding=\"async\" border=\"0\" data-original-height=\"2048\" data-original-width=\"2037\" height=\"320\" src=\"http:\/\/bibliotecablog.laorotava.es\/wp-content\/uploads\/2021\/01\/mart-25c3-25adn-2bchirino_jes-25c3-25bas-2bm-2bcasta-25c3-25b1o-298x300.jpg\" \/><\/a><\/b><\/div>\n<p><b><br \/>Mart\u00edn Chirino: el ni\u00f1o que quer\u00eda mover el horizonte \/&nbsp;<\/b><b>[textos],&nbsp;<\/b><b>Jes\u00fas M. Casta\u00f1o&nbsp;<\/b><b>; [ilustraciones],&nbsp;<\/b><b>Mar\u00eda Padilla. Vegueta Ediciones, 2019<\/b><\/p>\n<p style=\"text-align: justify;\">Mart\u00edn Chirino fue uno de los escultores m\u00e1s importantes del siglo XX. Aunque su nombre ha traspasado fronteras, \u00e9l siempre reconoci\u00f3 como fuente de inspiraci\u00f3n el paisaje de su Canarias natal. \u00c1vido de conocimiento, viaj\u00f3 alrededor del mundo para aprender de diferentes culturas, que abrieron sus horizontes a una obra \u00fanica que condensa el arte de tres continentes. Sus esculturas, grandes piezas de hierro en las que juega con todo tipo de geometr\u00edas espaciales, son un derroche de imaginaci\u00f3n y talento que le han convertido en el mejor embajador de la cultura canaria, y espa\u00f1ola, en todo el mundo.<\/p>\n<p style=\"text-align: justify;\">Tanto en este libro como en el siguiente, dedicado a Mercedes Pinto, el registro de la narraci\u00f3n y el estilo de las im\u00e1genes est\u00e1n adecuados a lectores a partir de 7 a\u00f1os. Adem\u00e1s, el texto est\u00e1 adaptado a Lectura F\u00e1cil para promover su comprensi\u00f3n incluyendo a aquellas personas con dificultades lectoras. El contenido as\u00ed como las ilustraciones se aseguran de tratar temas did\u00e1cticos transversales a los \u00e1mbitos de actividad del personaje, de cara tanto a la lectura en familia como al uso en centros escolares y al refuerzo al programa educativo. Las p\u00e1ginas finales del libro contienen una biograf\u00eda resumida del personaje y una cronolog\u00eda que lo enmarca en la evoluci\u00f3n de su disciplina, entre otros personajes destacados.<\/p>\n<p style=\"text-align: justify;\"><b><\/b><\/p>\n<div style=\"clear: both; text-align: center;\"><b><a href=\"https:\/\/www.gobiernodecanarias.org\/bibliotecavirtual\/cgi-bin\/opac?SUBC=TF\/TF10\/214&amp;ACC=DOSEARCH&amp;xsqf03=llarena&amp;ACC=DOSEARCH&amp;xsqf02=mercedes+pinto+ventanas+escritora\" style=\"margin-left: 1em; margin-right: 1em;\" target=\"_blank\" rel=\"noopener\"><img decoding=\"async\" border=\"0\" data-original-height=\"2048\" data-original-width=\"2016\" height=\"320\" src=\"http:\/\/bibliotecablog.laorotava.es\/wp-content\/uploads\/2021\/01\/mercedes-2bpinto_alicia-2bllarena-295x300.jpg\" \/><\/a><\/b><\/div>\n<p><b><br \/>Mercedes Pinto: la escritora que abri\u00f3 ventanas de colores \/ [textos], Alicia Llarena ; [ilustraciones], Luisa Rivera. Vegueta Ediciones, 2020<\/b><\/p>\n<p style=\"text-align: justify;\">Mercedes Pinto fue, ante todo, una mujer de letras. Escritora, dramaturga, periodista y oradora, destac\u00f3 desde muy temprano en el ambiente cultural de las islas Canarias, su tierra natal, donde sus versos le valieron el sobrenombre de \u00abLa Poetisa Canaria\u00bb. Sus versos, celebrados por el gran Pablo Neruda o Juana de Ibarbourou, cantaban al amor y la nostalgia y, sin embargo, su prosa es una denuncia de la situaci\u00f3n de la mujer en su \u00e9poca, ante la que no pod\u00eda permanecer impasible. Sus palabras le valieron el exilio, que ella aprovech\u00f3 para conocer y enriquecerse con otras culturas y seguir difundiendo sus ideas. Ella fue una de esas mujeres valientes que abrieron camino luchando por la igualdad de las mujeres. Conocer su historia es recordar un pasado que abri\u00f3 una puerta que jam\u00e1s deber\u00eda volver a cerrarse.<\/p>\n<p style=\"text-align: justify;\">\n<div style=\"clear: both; text-align: center;\"><a href=\"https:\/\/www.gobiernodecanarias.org\/bibliotecavirtual\/cgi-bin\/opac?SUBC=TF\/TF10\/214&amp;ACC=DOSEARCH&amp;xsqf03=menendez+ponte&amp;ACC=DOSEARCH&amp;xsqf02=monstruo+laguna\" style=\"margin-left: 1em; margin-right: 1em;\" target=\"_blank\" rel=\"noopener\"><img decoding=\"async\" border=\"0\" data-original-height=\"2048\" data-original-width=\"1473\" height=\"320\" src=\"http:\/\/bibliotecablog.laorotava.es\/wp-content\/uploads\/2021\/01\/monstruo-2bde-2bla-2blaguna_primos-2bs-2ba_men-25c3-25a9ndez-ponte-216x300.jpg\" \/><\/a><\/div>\n<\/p>\n<p style=\"text-align: justify;\"><b>Primos S. A. El monstruo de la laguna \/ Mar\u00eda Men\u00e9ndez-Ponte ; ilustraciones de Claudia Ranucci. SM, 2020<\/b><\/p>\n<p style=\"text-align: justify;\">Los cinco miembros de Primos S. A. siguen viviendo mil aventuras en su sitio de veraneo. Esta vez se tendr\u00e1n que enfrentar a un monstruoso pez que los ataca mientras buscan a un ni\u00f1o que lleva desaparecido varias horas&#8230; \u00bflograr\u00e1n encontrarlo?<\/p>\n<p style=\"text-align: justify;\"><b><\/b><\/p>\n<div style=\"clear: both; text-align: center;\"><b><a href=\"https:\/\/www.gobiernodecanarias.org\/bibliotecavirtual\/cgi-bin\/opac?SUBC=TF\/TF10\/214&amp;ACC=DOSEARCH&amp;xsqf02=si+mujeres+mandasen\" style=\"margin-left: 1em; margin-right: 1em;\" target=\"_blank\" rel=\"noopener\"><img decoding=\"async\" border=\"0\" data-original-height=\"2048\" data-original-width=\"1316\" height=\"320\" src=\"http:\/\/bibliotecablog.laorotava.es\/wp-content\/uploads\/2021\/01\/si-2blas-2bmujeres-2bmandasen-193x300.jpg\" \/><\/a><\/b><\/div>\n<p><b><br \/>Si las mujeres mandasen. Relatos de la primera ola feminista \/ edici\u00f3n y pr\u00f3logo de Mar\u00eda Casas Robla ; traducciones de Susana Prieto Mori, y Pablo Gonz\u00e1lez-Nuevo. Siruela,&nbsp; 2020<\/b><\/p>\n<p style=\"text-align: justify;\">Un recorrido por algunos de los textos que contribuyeron a sentar las bases de la defensa de la dignidad, la inteligencia y el potencial humano de las mujeres durante la primera ola feminista.<\/p>\n<p style=\"text-align: justify;\">El relato de las injusticias, las desigualdades, el enclaustramiento f\u00edsico y mental es el hilo violeta que une los relatos de esta antolog\u00eda. Muchas de sus autoras no se consideraban feministas, pocas entre ellas fueron militantes activas en alguno de los movimientos que englobamos bajo la primera ola del feminismo, pero est\u00e1 claro que todas contribuyeron a que podamos entender por qu\u00e9 el feminismo se convirti\u00f3 en un movimiento tan s\u00f3lido a trav\u00e9s de tantos a\u00f1os.<\/p>\n<p style=\"text-align: justify;\">Jane Austen, Elizabeth Caroline Grey, Fredrika Bremer, George Sand, Mary Shelley, George Eliot, Louisa May Alcott, Mary E. Bradley Lane, Charlotte Perkins Gilman, Olive Schreiner, Kate Chopin, Begum Royeka, Edith Wharton, Virginia Woolf, Rosal\u00eda de Castro, Fern\u00e1n Caballero y Emilia Pardo Baz\u00e1n.<\/p>\n<p style=\"text-align: justify;\"><b><\/b><\/p>\n<div style=\"clear: both; text-align: center;\"><b><a href=\"https:\/\/www.gobiernodecanarias.org\/bibliotecavirtual\/cgi-bin\/opac?SUBC=TF\/TF10\/214&amp;ACC=DOSEARCH&amp;xsqf03=obama&amp;ACC=DOSEARCH&amp;xsqf02=tierra+prometida\" style=\"margin-left: 1em; margin-right: 1em;\" target=\"_blank\" rel=\"noopener\"><img decoding=\"async\" border=\"0\" data-original-height=\"2048\" data-original-width=\"1354\" height=\"320\" src=\"http:\/\/bibliotecablog.laorotava.es\/wp-content\/uploads\/2021\/01\/tierra-2bprometica_barack-2bobama-198x300.jpg\" \/><\/a><\/b><\/div>\n<p><b><br \/>Una tierra prometida \/ Barack Obama; traducci\u00f3n de Andr\u00e9s Barba&#8230; (et al.). Debate, 2020<\/b><\/p>\n<p style=\"text-align: justify;\">Primer volumen de las memorias presidenciales de Barack Obama donde narra la historia de su sorprendente evoluci\u00f3n de ser un joven en busca de su identidad a convertirse en l\u00edder del mundo occidental, describiendo con tanto su formaci\u00f3n pol\u00edtica como los momentos cumbre del primer per\u00edodo de su hist\u00f3rica presidencia.<\/p>\n<p style=\"text-align: justify;\">Obama invita a sus lectores a un viaje que va desde sus m\u00e1s tempranas aspiraciones pol\u00edticas, pasando por la decisiva victoria de Iowa que demostr\u00f3 el poder del activismo comunitario, hasta la noche del 4 de noviembre de 2008, cuando fue elegido el presidente n\u00famero 44 de los Estados Unidos, convirti\u00e9ndose en el primer afroamericano en ocupar el m\u00e1s alto cargo de la naci\u00f3n.<\/p>\n<p style=\"text-align: justify;\">El autor reflexiona sobre la presidencia ofreciendo un an\u00e1lisis profundo tanto del alcance como de los l\u00edmites que tiene el poder presidencial, y brinda una visi\u00f3n singular sobre el funcionamiento de la pol\u00edtica bipartidista de los Estados Unidos y la diplomacia internacional.<\/p>\n<p style=\"text-align: justify;\"><b><\/b><\/p>\n<div style=\"clear: both; text-align: center;\"><b><a href=\"https:\/\/www.gobiernodecanarias.org\/bibliotecavirtual\/cgi-bin\/opac?SUBC=TF\/TF10\/214&amp;ACC=DOSEARCH&amp;xsqf03=holzwarth&amp;ACC=DOSEARCH&amp;xsqf02=topo+cabeza\" style=\"margin-left: 1em; margin-right: 1em;\" target=\"_blank\" rel=\"noopener\"><img decoding=\"async\" border=\"0\" data-original-height=\"1448\" data-original-width=\"2048\" src=\"http:\/\/bibliotecablog.laorotava.es\/wp-content\/uploads\/2021\/01\/topo-2bque-2bquer-25c3-25ada-2bsaber-2bqui-25c3-25a9n-2bse-2bhab-25c3-25ada-2bhecho__holzwarth-300x212.jpg\" width=\"320\" \/><\/a><\/b><\/div>\n<p><b><br \/>El topo que quer\u00eda saber qui\u00e9n se hab\u00eda hecho aquello en su cabeza \/ Werner Holzwarth, Wolf Erlbruch ; traducci\u00f3n de Miguel Azaola. Beascoa, 2018<\/b><\/p>\n<p style=\"text-align: justify;\">Todo empez\u00f3 cuando el topo asom\u00f3 la cabeza por su madriguera y le cay\u00f3 aquello gordo, marr\u00f3n, que se parec\u00eda a una salchicha. De mal humor, se dispuso a buscar al culpable. \u00bfPudo hacerlo una paloma? \u00bfTal vez una vaca? \u00bfEncontrar\u00e1 el topo finalmente a quien lo hizo?<\/p>\n<p style=\"text-align: justify;\"><\/p>\n<p style=\"text-align: center;\"><b>Disfruta la lectura<\/b><\/p>\n<p style=\"text-align: justify;\"><\/p>\n<p style=\"text-align: justify;\"><\/p>\n","protected":false},"excerpt":{"rendered":"<p>Cubiertas, t\u00edtulos y peque\u00f1as sinopsis de las primeras adquisiciones del presente a\u00f1o. Amaro Pargo. Fe, amor y ra\u00edces \/ Alfredo L\u00f3pez P\u00e9rez (Isoko). Algani, 2020 Relato emocional, sensitivo e hist\u00f3rico, a partes iguales, y bien aderezado. Es un recorrido basado en esos tres valores y principios esenciales de los protagonistas de esta bella e interesante [&hellip;]<\/p>\n","protected":false},"author":5,"featured_media":612,"comment_status":"open","ping_status":"open","sticky":false,"template":"","format":"standard","meta":{"_et_pb_use_builder":"","_et_pb_old_content":"","_et_gb_content_width":"","jetpack_post_was_ever_published":false,"_jetpack_newsletter_access":"","_jetpack_dont_email_post_to_subs":false,"_jetpack_newsletter_tier_id":0,"_jetpack_memberships_contains_paywalled_content":false,"_jetpack_memberships_contains_paid_content":false,"footnotes":""},"categories":[2],"tags":[86],"class_list":["post-133","post","type-post","status-publish","format-standard","has-post-thumbnail","hentry","category-novedades-y-sugerencias","tag-novedades"],"jetpack_featured_media_url":"https:\/\/bibliotecablog.laorotava.es\/wp-content\/uploads\/2021\/01\/amaro-2bpargo_alfredo-2bl-25c3-25b3pez-2bp-25c3-25a9rez.jpg","jetpack_sharing_enabled":true,"_links":{"self":[{"href":"https:\/\/bibliotecablog.laorotava.es\/index.php\/wp-json\/wp\/v2\/posts\/133","targetHints":{"allow":["GET"]}}],"collection":[{"href":"https:\/\/bibliotecablog.laorotava.es\/index.php\/wp-json\/wp\/v2\/posts"}],"about":[{"href":"https:\/\/bibliotecablog.laorotava.es\/index.php\/wp-json\/wp\/v2\/types\/post"}],"author":[{"embeddable":true,"href":"https:\/\/bibliotecablog.laorotava.es\/index.php\/wp-json\/wp\/v2\/users\/5"}],"replies":[{"embeddable":true,"href":"https:\/\/bibliotecablog.laorotava.es\/index.php\/wp-json\/wp\/v2\/comments?post=133"}],"version-history":[{"count":2,"href":"https:\/\/bibliotecablog.laorotava.es\/index.php\/wp-json\/wp\/v2\/posts\/133\/revisions"}],"predecessor-version":[{"id":2573,"href":"https:\/\/bibliotecablog.laorotava.es\/index.php\/wp-json\/wp\/v2\/posts\/133\/revisions\/2573"}],"wp:featuredmedia":[{"embeddable":true,"href":"https:\/\/bibliotecablog.laorotava.es\/index.php\/wp-json\/wp\/v2\/media\/612"}],"wp:attachment":[{"href":"https:\/\/bibliotecablog.laorotava.es\/index.php\/wp-json\/wp\/v2\/media?parent=133"}],"wp:term":[{"taxonomy":"category","embeddable":true,"href":"https:\/\/bibliotecablog.laorotava.es\/index.php\/wp-json\/wp\/v2\/categories?post=133"},{"taxonomy":"post_tag","embeddable":true,"href":"https:\/\/bibliotecablog.laorotava.es\/index.php\/wp-json\/wp\/v2\/tags?post=133"}],"curies":[{"name":"wp","href":"https:\/\/api.w.org\/{rel}","templated":true}]}}