{"id":135,"date":"2020-12-14T20:23:00","date_gmt":"2020-12-14T20:23:00","guid":{"rendered":""},"modified":"2021-10-18T20:28:08","modified_gmt":"2021-10-18T20:28:08","slug":"novedades-bibliograficas-diciembre-2020","status":"publish","type":"post","link":"https:\/\/bibliotecablog.laorotava.es\/index.php\/2020\/12\/14\/novedades-bibliograficas-diciembre-2020\/","title":{"rendered":"NOVEDADES BIBLIOGR\u00c1FICAS DICIEMBRE 2020"},"content":{"rendered":"<p style=\"text-align: justify;\"><b>GENERAL<\/b><\/p>\n<p style=\"text-align: justify;\"><b><\/b><\/p>\n<div style=\"clear: both; text-align: center;\"><b><a href=\"http:\/\/bibliotecablog.laorotava.es\/wp-content\/uploads\/2020\/12\/20201204164628_0001.jpg\" style=\"margin-left: 1em; margin-right: 1em;\"><img decoding=\"async\" border=\"0\" data-original-height=\"2048\" data-original-width=\"1223\" height=\"320\" src=\"http:\/\/bibliotecablog.laorotava.es\/wp-content\/uploads\/2020\/12\/20201204164628_0001-179x300.jpg\" \/><\/a><\/b><\/div>\n<p><b><br \/>Los chicos de la Nickel \/ Colson Whitehead ; traducci\u00f3n de Luis Murillo Fort. Random House, 2020<\/b><\/p>\n<p style=\"text-align: justify;\">Premio Pulitzer<\/p>\n<p style=\"text-align: justify;\">Desde peque\u00f1o, Elwood Curtis ha escuchado con devoci\u00f3n, en el viejo tocadiscos de su abuela, los discursos de Martin Luther King. Sus ideas, al igual que las de James Baldwin, han hecho de este adolescente negro un estudiante prometedor que sue\u00f1a con un futuro digno. Pero de poco sirve esto en la Academia Nickel para chicos: un reformatorio que se vanagloria de convertir a sus internos en hombres hechos y derechos pero que oculta una realidad inhumana respaldada por muchos y obviada por todos. Elwood intenta sobrevivir a este lugar junto a Turner, su mejor amigo en la Nickel. El idealismo de uno y la astucia del otro les llevar\u00e1 a tomar una decisi\u00f3n que tendr\u00e1 consecuencias irreparables.<\/p>\n<p style=\"text-align: justify;\"><b><\/b><\/p>\n<div style=\"clear: both; text-align: center;\"><b><a href=\"http:\/\/bibliotecablog.laorotava.es\/wp-content\/uploads\/2020\/12\/20201204171047_0001.jpg\" style=\"margin-left: 1em; margin-right: 1em;\"><img decoding=\"async\" border=\"0\" data-original-height=\"2048\" data-original-width=\"1348\" height=\"320\" src=\"http:\/\/bibliotecablog.laorotava.es\/wp-content\/uploads\/2020\/12\/20201204171047_0001-197x300.jpg\" \/><\/a><\/b><\/div>\n<p><b><br \/>La cinta roja \/ Lucy Adlington ; traducci\u00f3n de Santiago del Rey. Planeta, 2020<\/b><\/p>\n<p style=\"text-align: justify;\">A sus catorce a\u00f1os y en su primer d\u00eda de trabajo, Ella se adentra en un mundo de sedas, tijeras, alfileres y bordados. Pero \u00e9se no es un taller de costura normal. Ni las suyas son clientas corrientes. Ella ha conseguido un puesto de trabajo en el taller de costura de Birchwood. Prisionera en ese campo de concentraci\u00f3n, cada vestido que dise\u00f1a puede suponer la diferencia entre la vida y la muerte. Los recuerdos del pasado, la pasi\u00f3n por su trabajo y el mundo de la moda y los tejidos ser\u00e1n el refugio para superar esa realidad terrible.<\/p>\n<p style=\"text-align: justify;\"><b><\/b><\/p>\n<div style=\"clear: both; text-align: center;\"><b><a href=\"http:\/\/bibliotecablog.laorotava.es\/wp-content\/uploads\/2020\/12\/20201204164249_0001.jpg\" style=\"margin-left: 1em; margin-right: 1em;\"><img decoding=\"async\" border=\"0\" data-original-height=\"2048\" data-original-width=\"1346\" height=\"320\" src=\"http:\/\/bibliotecablog.laorotava.es\/wp-content\/uploads\/2020\/12\/20201204164249_0001-197x300.jpg\" \/><\/a><\/b><\/div>\n<p><b><br \/>Rey blanco \/ Juan G\u00f3mez-Jurado. Ediciones B, 2020<\/b><\/p>\n<p style=\"text-align: justify;\">Cuando Antonia Scott recibe este mensaje, sabe muy bien qui\u00e9n se lo env\u00eda. Tambi\u00e9n sabe que ese juego es casi imposible de ganar. Pero a Antonia no le gusta perder. Despu\u00e9s de todo este tiempo huyendo, la realidad ha acabado alcanz\u00e1ndola. Antonia es cintur\u00f3n negro en mentirse a s\u00ed misma, pero ahora tiene claro que si pierde esta batalla, las habr\u00e1 perdido todas.&nbsp;<\/p>\n<p style=\"text-align: justify;\">-La reina es la figura m\u00e1s poderosa del tablero -dice el Rey Blanco-. Pero por poderosa que sea una pieza de ajedrez, nunca debe olvidar que hay una mano que la mueve.<\/p>\n<p style=\"text-align: justify;\">-Eso ya lo veremos-, responde Antonia.<\/p>\n<p style=\"text-align: justify;\"><b><\/b><\/p>\n<div style=\"clear: both; text-align: center;\"><b><a href=\"http:\/\/bibliotecablog.laorotava.es\/wp-content\/uploads\/2020\/12\/20201204163836_0001.jpg\" style=\"margin-left: 1em; margin-right: 1em;\"><img decoding=\"async\" border=\"0\" data-original-height=\"2048\" data-original-width=\"1391\" height=\"320\" src=\"http:\/\/bibliotecablog.laorotava.es\/wp-content\/uploads\/2020\/12\/20201204163836_0001-204x300.jpg\" \/><\/a><\/b><\/div>\n<p><b><br \/>Los Simpson y la filosof\u00eda \/ William Irwin, Mark T. Conard y Aeon J. Skoble; traducci\u00f3n de Diana Hern\u00e1ndez. Blakie Books, 2017<\/b><\/p>\n<p style=\"text-align: justify;\">El propio Homer Simpson afirma que \u00ablas series animadas no tienen significado profundo. Son s\u00f3lo unos dibujos est\u00fapidos para pasar el rato\u00bb. Con todo, este libro no s\u00f3lo tiene mucho que decir sobre ese gran artefacto cultural de nuestro tiempo que es &#8216;Los Simpson&#8217; a entusiastas y detractores de la serie por igual, sino que es una introducci\u00f3n entretenida y al mismo tiempo rigurosa a la obra de pensadores como Arist\u00f3teles, Kant, Heidegger o Sartre, entre muchos otros.<\/p>\n<p style=\"text-align: justify;\"><b><\/b><\/p>\n<div style=\"clear: both; text-align: center;\"><b><a href=\"http:\/\/bibliotecablog.laorotava.es\/wp-content\/uploads\/2020\/12\/20201204170911_0001.jpg\" style=\"margin-left: 1em; margin-right: 1em;\"><img decoding=\"async\" border=\"0\" data-original-height=\"2048\" data-original-width=\"1369\" height=\"320\" src=\"http:\/\/bibliotecablog.laorotava.es\/wp-content\/uploads\/2020\/12\/20201204170911_0001-201x300.jpg\" \/><\/a><\/b><\/div>\n<p><b><br \/>Si nos ense\u00f1aran a perder ganar\u00edamos siempre \/ Albert Espinosa. Grijalbo, 2020<\/b><\/p>\n<p style=\"text-align: justify;\">Edici\u00f3n ilustrada<\/p>\n<p style=\"text-align: justify;\">Este libro entronca con ese incre\u00edble verso: \u00abAl lugar donde has sido feliz no debieras tratar de volver\u00bb. Es una de las verdades m\u00e1s grandes que existe y perder ese lugar jam\u00e1s es triste porque siempre llegar\u00e1n otros diferentes y mejores.<\/p>\n<p style=\"text-align: justify;\"><b><\/b><\/p>\n<div style=\"clear: both; text-align: center;\"><b><a href=\"http:\/\/bibliotecablog.laorotava.es\/wp-content\/uploads\/2020\/12\/20201204163941_0001.jpg\" style=\"margin-left: 1em; margin-right: 1em;\"><img decoding=\"async\" border=\"0\" data-original-height=\"2048\" data-original-width=\"1384\" height=\"320\" src=\"http:\/\/bibliotecablog.laorotava.es\/wp-content\/uploads\/2020\/12\/20201204163941_0001-203x300.jpg\" \/><\/a><\/b><\/div>\n<p><b><br \/>Tony Takitani \/ Haruki Murakami ; ilustraciones de Ignasi Font ; traducci\u00f3n del japon\u00e9s de Lourdes Porta. Tusquets Editores, 2019<\/b><\/p>\n<p style=\"text-align: justify;\">Tony Takitani es un joven que ha crecido aislado, entre las burlas de los compa\u00f1eros y muy solo, pues su padre, trompetista de jazz, se ausenta a menudo para tocar en giras. Buen profesional, se dedica a ilustrar portadas para revistas de autom\u00f3viles o anuncios. Hasta que de pronto conoce a una chica, empleada a tiempo parcial de una editorial, a la que le gustan especialmente los vestidos. Maravillosamente ilustrado por Ignasi Font, este relato del c\u00e9lebre escritor japon\u00e9s nos habla de la soledad y la falta de afecto en la sociedad actual.<\/p>\n<p style=\"text-align: justify;\"><\/p>\n<p style=\"text-align: justify;\"><b>INFANTIL<\/b><\/p>\n<p style=\"text-align: justify;\"><b><\/b><\/p>\n<div style=\"clear: both; text-align: center;\"><b><a href=\"http:\/\/bibliotecablog.laorotava.es\/wp-content\/uploads\/2020\/12\/20201204171146_0001.jpg\" style=\"margin-left: 1em; margin-right: 1em;\"><img decoding=\"async\" border=\"0\" data-original-height=\"2048\" data-original-width=\"1432\" height=\"320\" src=\"http:\/\/bibliotecablog.laorotava.es\/wp-content\/uploads\/2020\/12\/20201204171146_0001-210x300.jpg\" \/><\/a><\/b><\/div>\n<p><b><br \/>Los futbol\u00edsimos, 18. El misterio de la Isla del Volc\u00e1n \/ Roberto Santiago. SM, 2020<\/b><\/p>\n<p style=\"text-align: justify;\">\u00a1El campeonato de Espa\u00f1a se juega nada menos que en Tenerife! El Soto Alto est\u00e1 m\u00e1s preparado que nunca, \u00a1es su gran oportunidad! Esta vez, ning\u00fan misterio va a impedir que se concentren en el f\u00fatbol. Aunque a\u00fan no conocen a Los Dragones, ni a Los Gigantes, ni a los ecologistas de Tenerife Verde y mucho menos al Ej\u00e9rcito de las Sombras\u2026 \u00a1Pero nada puede con Los Futbol\u00edsimos!<\/p>\n<p style=\"text-align: justify;\"><b>Primos S.A. \/ Mar\u00eda Men\u00e9ndez-Ponte ; ilustraciones de Claudia Ranucci. Anaya, 2019<\/b><\/p>\n<p style=\"text-align: justify;\">Primos S.A. es la nueva colecci\u00f3n de Mar\u00eda Men\u00e9ndez-Ponte, una colecci\u00f3n llena de aventuras y mucho misterio de cinco primos: Pablo, Ver\u00f3nica, Javier, Diego y Natalia, \u00a1la mejor agencia de detectives del mundo!<\/p>\n<p style=\"text-align: justify;\"><b><\/b><\/p>\n<div style=\"clear: both; text-align: center;\"><b><a href=\"http:\/\/bibliotecablog.laorotava.es\/wp-content\/uploads\/2020\/12\/20201204171247_0001.jpg\" style=\"margin-left: 1em; margin-right: 1em;\"><img decoding=\"async\" border=\"0\" data-original-height=\"2048\" data-original-width=\"1453\" height=\"320\" src=\"http:\/\/bibliotecablog.laorotava.es\/wp-content\/uploads\/2020\/12\/20201204171247_0001-213x300.jpg\" \/><\/a><\/b><\/div>\n<p><b><br \/>La casa embrujada<\/b>:&nbsp;\u00a1Por fin lleg\u00f3 el verano! Pablo, Ver\u00f3nica, Javier, Diego y Natalia tienen un mont\u00f3n de d\u00edas por delante llenos de sol, de piscina, de paseos y excursiones por el bosque\u2026 Porque los cinco primos se han reunido en una finca de Segovia, en medio del campo. Tienen cerquita un pueblo, San Mart\u00edn de las Posadas, en apariencia muy tranquilo\u2026 \u00bfTranquilo? Eso es lo que ellos se creen. Luego llegar\u00e1n los fantasmas, los misterios y las aventuras para Primos S. A.<\/p>\n<p style=\"text-align: justify;\"><b><\/b><\/p>\n<div style=\"clear: both; text-align: center;\"><b><a href=\"http:\/\/bibliotecablog.laorotava.es\/wp-content\/uploads\/2020\/12\/20201204171319_0001.jpg\" style=\"margin-left: 1em; margin-right: 1em;\"><img decoding=\"async\" border=\"0\" data-original-height=\"2048\" data-original-width=\"1458\" height=\"320\" src=\"http:\/\/bibliotecablog.laorotava.es\/wp-content\/uploads\/2020\/12\/20201204171319_0001-214x300.jpg\" \/><\/a><\/b><\/div>\n<p><b><br \/>Enigma en el puente del Naranjo<\/b><span style=\"font-weight: bold;\">: <\/span>Los cinco primos se han reunido de nuevo para pasar unas vacaciones de lo m\u00e1s divertidas. Pero, nada m\u00e1s llegar, se encuentran con el misterioso robo de unos corderos. Y un bosque lleno de piedras brillantes. Y marcas extra\u00f1as que aparecen en los edificios del pueblo. \u00a1Incluso fotos que cambian de un d\u00eda para otro! \u00bfQu\u00e9 misterios esconde este nuevo caso<\/p>\n<p><b style=\"text-align: justify;\"><\/p>\n<div style=\"clear: both; text-align: center;\"><a href=\"http:\/\/bibliotecablog.laorotava.es\/wp-content\/uploads\/2020\/12\/20201204171401_0001.jpg\" style=\"margin-left: 1em; margin-right: 1em;\"><img decoding=\"async\" border=\"0\" data-original-height=\"2048\" data-original-width=\"1453\" height=\"320\" src=\"http:\/\/bibliotecablog.laorotava.es\/wp-content\/uploads\/2020\/12\/20201204171401_0001-213x300.jpg\" \/><\/a><\/div>\n<p>La ermita de los esp\u00edritus<\/b><span style=\"font-weight: bold; text-align: justify;\">:&nbsp;<\/span><span style=\"text-align: justify;\">Pablo ha conocido a una chica muy&nbsp; misteriosa que aparece en los sitios m\u00e1s insospechados. Lo curioso es que sus cuatro primos no consiguen encontrarla. \u00bfLa habr\u00e1n secuestrado? \u00bfSer\u00e1 una chica fantasma? \u00bfSer\u00e1 la ladrona del retablo de la iglesia?<\/span><\/p>\n<div><span style=\"text-align: justify;\"><br \/><\/span><\/div>\n<div><span style=\"text-align: justify;\"><b><\/p>\n<div style=\"clear: both; text-align: center;\"><a href=\"http:\/\/bibliotecablog.laorotava.es\/wp-content\/uploads\/2020\/12\/20201204171433_0001.jpg\" style=\"margin-left: 1em; margin-right: 1em;\"><img decoding=\"async\" border=\"0\" data-original-height=\"2048\" data-original-width=\"1448\" height=\"320\" src=\"http:\/\/bibliotecablog.laorotava.es\/wp-content\/uploads\/2020\/12\/20201204171433_0001-212x300.jpg\" \/><\/a><\/div>\n<p>El reba\u00f1o fantasma<\/b><\/span><span style=\"text-align: justify;\">: Los cinco primos vuelven a pasar un verano en Mart\u00edn Mu\u00f1oz de las Posadas y tienen que descubrir nuevos misterios. En esta ocasi\u00f3n hay un reba\u00f1o de ovejas y un cardenal que aparecen y desaparecen ante sus ojos. \u00bfSer\u00e1n fantasmas? \u00bfVisiones alien\u00edgenas? Y entretanto surgen los amores, las salidas con la pandilla, alg\u00fan que otro enfado\u2026<\/span><b style=\"text-align: justify;\"><br \/><\/b><\/p>\n<div style=\"text-align: justify;\"><\/div>\n<div style=\"text-align: justify;\"><\/div>\n<div style=\"text-align: justify;\"><\/div>\n<div style=\"text-align: justify;\"><\/div>\n<div style=\"text-align: center;\"><b>DISFRUTA LA LECTURA<\/b><\/div>\n<\/div>\n","protected":false},"excerpt":{"rendered":"<p>GENERAL Los chicos de la Nickel \/ Colson Whitehead ; traducci\u00f3n de Luis Murillo Fort. Random House, 2020 Premio Pulitzer Desde peque\u00f1o, Elwood Curtis ha escuchado con devoci\u00f3n, en el viejo tocadiscos de su abuela, los discursos de Martin Luther King. Sus ideas, al igual que las de James Baldwin, han hecho de este adolescente [&hellip;]<\/p>\n","protected":false},"author":5,"featured_media":625,"comment_status":"open","ping_status":"open","sticky":false,"template":"","format":"standard","meta":{"_et_pb_use_builder":"","_et_pb_old_content":"","_et_gb_content_width":"","jetpack_post_was_ever_published":false,"_jetpack_newsletter_access":"","_jetpack_dont_email_post_to_subs":false,"_jetpack_newsletter_tier_id":0,"_jetpack_memberships_contains_paywalled_content":false,"_jetpack_memberships_contains_paid_content":false,"footnotes":""},"categories":[2],"tags":[86],"class_list":["post-135","post","type-post","status-publish","format-standard","has-post-thumbnail","hentry","category-novedades-y-sugerencias","tag-novedades"],"jetpack_featured_media_url":"https:\/\/bibliotecablog.laorotava.es\/wp-content\/uploads\/2020\/12\/20201204164628_0001.jpg","jetpack_sharing_enabled":true,"_links":{"self":[{"href":"https:\/\/bibliotecablog.laorotava.es\/index.php\/wp-json\/wp\/v2\/posts\/135","targetHints":{"allow":["GET"]}}],"collection":[{"href":"https:\/\/bibliotecablog.laorotava.es\/index.php\/wp-json\/wp\/v2\/posts"}],"about":[{"href":"https:\/\/bibliotecablog.laorotava.es\/index.php\/wp-json\/wp\/v2\/types\/post"}],"author":[{"embeddable":true,"href":"https:\/\/bibliotecablog.laorotava.es\/index.php\/wp-json\/wp\/v2\/users\/5"}],"replies":[{"embeddable":true,"href":"https:\/\/bibliotecablog.laorotava.es\/index.php\/wp-json\/wp\/v2\/comments?post=135"}],"version-history":[{"count":2,"href":"https:\/\/bibliotecablog.laorotava.es\/index.php\/wp-json\/wp\/v2\/posts\/135\/revisions"}],"predecessor-version":[{"id":2574,"href":"https:\/\/bibliotecablog.laorotava.es\/index.php\/wp-json\/wp\/v2\/posts\/135\/revisions\/2574"}],"wp:featuredmedia":[{"embeddable":true,"href":"https:\/\/bibliotecablog.laorotava.es\/index.php\/wp-json\/wp\/v2\/media\/625"}],"wp:attachment":[{"href":"https:\/\/bibliotecablog.laorotava.es\/index.php\/wp-json\/wp\/v2\/media?parent=135"}],"wp:term":[{"taxonomy":"category","embeddable":true,"href":"https:\/\/bibliotecablog.laorotava.es\/index.php\/wp-json\/wp\/v2\/categories?post=135"},{"taxonomy":"post_tag","embeddable":true,"href":"https:\/\/bibliotecablog.laorotava.es\/index.php\/wp-json\/wp\/v2\/tags?post=135"}],"curies":[{"name":"wp","href":"https:\/\/api.w.org\/{rel}","templated":true}]}}