{"id":14288,"date":"2021-11-26T13:54:34","date_gmt":"2021-11-26T13:54:34","guid":{"rendered":"https:\/\/bibliotecablog.laorotava.es\/?p=14288"},"modified":"2021-11-26T15:12:31","modified_gmt":"2021-11-26T15:12:31","slug":"exposicion-andando-cuentos","status":"publish","type":"post","link":"https:\/\/bibliotecablog.laorotava.es\/index.php\/2021\/11\/26\/exposicion-andando-cuentos\/","title":{"rendered":"Exposici\u00f3n \u00abAndando Cuentos\u00bb"},"content":{"rendered":"[et_pb_section fb_built=\u00bb1&#8243; admin_label=\u00bbHeader Section\u00bb _builder_version=\u00bb4.14.1&#8243; custom_padding=\u00bb3px||0px|||\u00bb global_colors_info=\u00bb{}\u00bb][et_pb_row _builder_version=\u00bb4.14.1&#8243; _module_preset=\u00bbdefault\u00bb global_colors_info=\u00bb{}\u00bb][et_pb_column type=\u00bb4_4&#8243; _builder_version=\u00bb4.14.1&#8243; _module_preset=\u00bbdefault\u00bb global_colors_info=\u00bb{}\u00bb][et_pb_text _builder_version=\u00bb4.14.1&#8243; text_font_size=\u00bb15px\u00bb text_line_height=\u00bb1.9em\u00bb header_3_font=\u00bbAbril Fatface||||||||\u00bb header_3_font_size=\u00bb38px\u00bb header_3_line_height=\u00bb1.1em\u00bb text_orientation=\u00bbjustified\u00bb max_width=\u00bb979px\u00bb min_height=\u00bb225px\u00bb custom_padding=\u00bb0px||0px|0px|false|false\u00bb hover_enabled=\u00bb0&#8243; header_3_font_size_tablet=\u00bb28px\u00bb header_3_font_size_phone=\u00bb18px\u00bb header_3_font_size_last_edited=\u00bbon|phone\u00bb global_module=\u00bb8169&#8243; saved_tabs=\u00bball\u00bb locked=\u00bboff\u00bb global_colors_info=\u00bb{}\u00bb sticky_enabled=\u00bb0&#8243;]\n<p style=\"text-align: justify;\"><span style=\"font-family: book antiqua, palatino, serif; font-size: 14pt;\">La exposici\u00f3n itinerante <strong><em>Andando Cuentos<\/em><\/strong> pretende acercar la literatura a las familias de una forma diferente, a trav\u00e9s de grandes figuras de madera que representan narraciones y f\u00e1bulas con las que puedes interactuar. Bajo cada grupo escult\u00f3rico, unas etiquetas con c\u00f3digos QR proporcionan acceso tanto a las narraciones y f\u00e1bulas que estas figuras representan como al proceso de creaci\u00f3n de cada una de ellas. Adem\u00e1s, en dos de estas figuras, puedes crear y aportar tus propias narraciones&#8230;<\/span><\/p>\n<p style=\"text-align: justify;\"><span style=\"font-family: book antiqua, palatino, serif; font-size: 14pt;\">La exposici\u00f3n ha sido creada por el colectivo<strong><a href=\"https:\/\/www.facebook.com\/123y4bichos\/\" target=\"_blank\" rel=\"noopener\"> 4Bichos<\/a>, <\/strong>un grupo de creadores de proyectos socioculturales, espect\u00e1culos, talleres, ferias del libro, talleres de animaci\u00f3n a la lectura&#8230; Para las partes narrativas, adaptadas y ambientadas a nuestras islas, se ha contado con la colaboraci\u00f3n de los narradores <strong>Yudith Porto, <\/strong><strong>Laura Escuela <\/strong>y <strong>Fidel Galb\u00e1n<\/strong> <strong>del Val<\/strong>.<\/span><\/p>\n<p style=\"text-align: justify;\"><span style=\"font-family: book antiqua, palatino, serif; font-size: 14pt;\">Esta exposici\u00f3n llega a La Orotava con el patrocinio del Instituto Canario de Desarrollo Cultural (ICDC) y en colaboraci\u00f3n con el Ayuntamiento de la Villa y su Biblioteca P\u00fablica Municipal.<\/span><\/p>\n<p>&nbsp;<\/p>\n<div dir=\"auto\">\u00a0<\/div>\n<div dir=\"auto\">\u00a0<\/div>\n<div dir=\"auto\">\u00a0<\/div>\n[\/et_pb_text][\/et_pb_column][\/et_pb_row][\/et_pb_section][et_pb_section fb_built=\u00bb1&#8243; admin_label=\u00bbCTA Section\u00bb _builder_version=\u00bb3.22&#8243; custom_margin=\u00bb-68px|||||\u00bb custom_padding=\u00bb0px||0px|||\u00bb global_colors_info=\u00bb{}\u00bb][et_pb_row use_custom_gutter=\u00bbon\u00bb admin_label=\u00bbCTA Row\u00bb _builder_version=\u00bb4.14.1&#8243; custom_margin=\u00bb2px|auto||auto||\u00bb custom_padding=\u00bb|||\u00bb global_colors_info=\u00bb{}\u00bb][et_pb_column type=\u00bb4_4&#8243; _builder_version=\u00bb3.25&#8243; custom_padding=\u00bb|||\u00bb global_colors_info=\u00bb{}\u00bb custom_padding__hover=\u00bb|||\u00bb][et_pb_image src=\u00bbhttps:\/\/bibliotecablog.laorotava.es\/wp-content\/uploads\/2021\/11\/img_3388-766&#215;1024.jpg\u00bb title_text=\u00bb%22El pr\u00edncipe caprichoso%22, de Yudith Porto\u00bb align_tablet=\u00bbcenter\u00bb align_phone=\u00bbcenter\u00bb align_last_edited=\u00bbon|desktop\u00bb _builder_version=\u00bb4.14.1&#8243; width=\u00bb69.1%\u00bb module_alignment=\u00bbcenter\u00bb global_colors_info=\u00bb{}\u00bb][\/et_pb_image][et_pb_text _builder_version=\u00bb4.14.1&#8243; _module_preset=\u00bbdefault\u00bb custom_margin=\u00bb|||52px|false|false\u00bb global_colors_info=\u00bb{}\u00bb]\n<p><span style=\"font-family: book antiqua, palatino, serif; font-size: 14pt;\"><span class=\"d2edcug0 hpfvmrgz qv66sw1b c1et5uql lr9zc1uh a8c37x1j keod5gw0 nxhoafnm aigsh9s9 d3f4x2em fe6kdd0r mau55g9w c8b282yb iv3no6db jq4qci2q a3bd9o3v b1v8xokw oo9gr5id\" dir=\"auto\">Escultura para<strong><em> El pr\u00edncipe caprichoso,<\/em><\/strong> de Yudith Porto<\/span>, situada en el zagu\u00e1n de la biblioteca.<\/span><\/p>\n[\/et_pb_text][\/et_pb_column][\/et_pb_row][et_pb_row use_custom_gutter=\u00bbon\u00bb gutter_width=\u00bb1&#8243; admin_label=\u00bbCTA Row\u00bb _builder_version=\u00bb4.14.1&#8243; custom_margin=\u00bb0px|auto||auto||\u00bb custom_padding=\u00bb67px|||||\u00bb global_colors_info=\u00bb{}\u00bb][et_pb_column type=\u00bb4_4&#8243; _builder_version=\u00bb3.25&#8243; custom_padding=\u00bb|||\u00bb global_colors_info=\u00bb{}\u00bb custom_padding__hover=\u00bb|||\u00bb][et_pb_image src=\u00bbhttps:\/\/bibliotecablog.laorotava.es\/wp-content\/uploads\/2021\/11\/img_3384.jpg\u00bb title_text=\u00bb%22La gallina roja%22, adaptaci\u00f3n del cuento de Byron Barton.\u00bb align_tablet=\u00bbcenter\u00bb align_phone=\u00bbcenter\u00bb align_last_edited=\u00bbon|desktop\u00bb _builder_version=\u00bb4.14.1&#8243; width=\u00bb89%\u00bb module_alignment=\u00bbcenter\u00bb min_height=\u00bb341.4px\u00bb custom_margin=\u00bb||38px|74px||\u00bb custom_padding=\u00bb|||27px||\u00bb global_colors_info=\u00bb{}\u00bb][\/et_pb_image][et_pb_text _builder_version=\u00bb4.14.1&#8243; _module_preset=\u00bbdefault\u00bb custom_margin=\u00bb|||35px|false|false\u00bb global_colors_info=\u00bb{}\u00bb]\n<p><span class=\"d2edcug0 hpfvmrgz qv66sw1b c1et5uql lr9zc1uh a8c37x1j keod5gw0 nxhoafnm aigsh9s9 d3f4x2em fe6kdd0r mau55g9w c8b282yb iv3no6db jq4qci2q a3bd9o3v b1v8xokw oo9gr5id\" dir=\"auto\" style=\"font-family: book antiqua, palatino, serif; font-size: 14pt;\">Escultura para <em><strong>La gallinita roja<\/strong><\/em>, adaptaci\u00f3n del cuento de Byron Barton, en el patio de la biblioteca.<\/span><\/p>\n[\/et_pb_text][\/et_pb_column][\/et_pb_row][et_pb_row use_custom_gutter=\u00bbon\u00bb admin_label=\u00bbCTA Row\u00bb _builder_version=\u00bb4.14.1&#8243; min_height=\u00bb764.5px\u00bb custom_margin=\u00bb0px|auto||auto||\u00bb custom_padding=\u00bb82px||100px|||\u00bb global_colors_info=\u00bb{}\u00bb][et_pb_column type=\u00bb4_4&#8243; _builder_version=\u00bb3.25&#8243; custom_padding=\u00bb|||\u00bb global_colors_info=\u00bb{}\u00bb custom_padding__hover=\u00bb|||\u00bb][et_pb_image src=\u00bbhttps:\/\/bibliotecablog.laorotava.es\/wp-content\/uploads\/2021\/11\/img_3387.jpg\u00bb title_text=\u00bb%22\u00c9rase una vez una sirena%22, en La Graciosa&#8230; Un relato para completar.\u00bb align=\u00bbcenter\u00bb align_tablet=\u00bbcenter\u00bb align_phone=\u00bbcenter\u00bb align_last_edited=\u00bbon|desktop\u00bb _builder_version=\u00bb4.14.1&#8243; width=\u00bb85.2%\u00bb custom_margin=\u00bb|43px||||\u00bb custom_padding=\u00bb|||16px||\u00bb global_colors_info=\u00bb{}\u00bb][\/et_pb_image][et_pb_text _builder_version=\u00bb4.14.1&#8243; _module_preset=\u00bbdefault\u00bb width=\u00bb97.1%\u00bb custom_margin=\u00bb|-29px||26px|false|false\u00bb custom_padding=\u00bb|0px||||\u00bb global_colors_info=\u00bb{}\u00bb]\n<p><span style=\"font-family: book antiqua, palatino, serif; font-size: 14pt;\"><span class=\"d2edcug0 hpfvmrgz qv66sw1b c1et5uql lr9zc1uh a8c37x1j keod5gw0 nxhoafnm aigsh9s9 d3f4x2em fe6kdd0r mau55g9w c8b282yb iv3no6db jq4qci2q a3bd9o3v b1v8xokw oo9gr5id\" dir=\"auto\">Escultura para <strong><em>\u00c9rase una vez una sirena<\/em><\/strong> en La Graciosa&#8230;<\/span><span class=\"d2edcug0 hpfvmrgz qv66sw1b c1et5uql lr9zc1uh a8c37x1j keod5gw0 nxhoafnm aigsh9s9 d3f4x2em fe6kdd0r mau55g9w c8b282yb iv3no6db jq4qci2q a3bd9o3v b1v8xokw oo9gr5id\" dir=\"auto\">, u<\/span><span class=\"d2edcug0 hpfvmrgz qv66sw1b c1et5uql lr9zc1uh a8c37x1j keod5gw0 nxhoafnm aigsh9s9 d3f4x2em fe6kdd0r mau55g9w c8b282yb iv3no6db jq4qci2q a3bd9o3v b1v8xokw oo9gr5id\" dir=\"auto\">n relato para completar. Est\u00e1 <\/span><span class=\"d2edcug0 hpfvmrgz qv66sw1b c1et5uql lr9zc1uh a8c37x1j keod5gw0 nxhoafnm aigsh9s9 d3f4x2em fe6kdd0r mau55g9w c8b282yb iv3no6db jq4qci2q a3bd9o3v b1v8xokw oo9gr5id\" dir=\"auto\">situada en la Sala de Prensa, hoy, pasillo de salida de la biblioteca.<\/span><\/span><\/p>\n[\/et_pb_text][\/et_pb_column][\/et_pb_row][\/et_pb_section]\n","protected":false},"excerpt":{"rendered":"<p>La exposici\u00f3n itinerante Andando Cuentos pretende acercar la literatura a las familias de una forma diferente, a trav\u00e9s de grandes figuras de madera que representan narraciones y f\u00e1bulas con las que puedes interactuar. Bajo cada grupo escult\u00f3rico, unas etiquetas con c\u00f3digos QR proporcionan acceso tanto a las narraciones y f\u00e1bulas que estas figuras representan como [&hellip;]<\/p>\n","protected":false},"author":5,"featured_media":14510,"comment_status":"open","ping_status":"open","sticky":false,"template":"","format":"standard","meta":{"_et_pb_use_builder":"on","_et_pb_old_content":"","_et_gb_content_width":"","jetpack_post_was_ever_published":false,"_jetpack_newsletter_access":"","_jetpack_dont_email_post_to_subs":false,"_jetpack_newsletter_tier_id":0,"_jetpack_memberships_contains_paywalled_content":false,"_jetpack_memberships_contains_paid_content":false,"footnotes":""},"categories":[13],"tags":[107,185,184],"class_list":["post-14288","post","type-post","status-publish","format-standard","has-post-thumbnail","hentry","category-biblioteca","tag-actividades","tag-animacion-lectora","tag-exposiciones"],"jetpack_featured_media_url":"https:\/\/bibliotecablog.laorotava.es\/wp-content\/uploads\/2021\/11\/andando-cuentos-la-orotava-banner.jpg","jetpack_sharing_enabled":true,"_links":{"self":[{"href":"https:\/\/bibliotecablog.laorotava.es\/index.php\/wp-json\/wp\/v2\/posts\/14288","targetHints":{"allow":["GET"]}}],"collection":[{"href":"https:\/\/bibliotecablog.laorotava.es\/index.php\/wp-json\/wp\/v2\/posts"}],"about":[{"href":"https:\/\/bibliotecablog.laorotava.es\/index.php\/wp-json\/wp\/v2\/types\/post"}],"author":[{"embeddable":true,"href":"https:\/\/bibliotecablog.laorotava.es\/index.php\/wp-json\/wp\/v2\/users\/5"}],"replies":[{"embeddable":true,"href":"https:\/\/bibliotecablog.laorotava.es\/index.php\/wp-json\/wp\/v2\/comments?post=14288"}],"version-history":[{"count":28,"href":"https:\/\/bibliotecablog.laorotava.es\/index.php\/wp-json\/wp\/v2\/posts\/14288\/revisions"}],"predecessor-version":[{"id":14831,"href":"https:\/\/bibliotecablog.laorotava.es\/index.php\/wp-json\/wp\/v2\/posts\/14288\/revisions\/14831"}],"wp:featuredmedia":[{"embeddable":true,"href":"https:\/\/bibliotecablog.laorotava.es\/index.php\/wp-json\/wp\/v2\/media\/14510"}],"wp:attachment":[{"href":"https:\/\/bibliotecablog.laorotava.es\/index.php\/wp-json\/wp\/v2\/media?parent=14288"}],"wp:term":[{"taxonomy":"category","embeddable":true,"href":"https:\/\/bibliotecablog.laorotava.es\/index.php\/wp-json\/wp\/v2\/categories?post=14288"},{"taxonomy":"post_tag","embeddable":true,"href":"https:\/\/bibliotecablog.laorotava.es\/index.php\/wp-json\/wp\/v2\/tags?post=14288"}],"curies":[{"name":"wp","href":"https:\/\/api.w.org\/{rel}","templated":true}]}}