{"id":264,"date":"2012-05-11T15:31:00","date_gmt":"2012-05-11T15:31:00","guid":{"rendered":"http:\/\/bibliotecablog.laorotava.es\/index.php\/2012\/05\/11\/horario-de-sala-de-estudio\/"},"modified":"2021-10-26T13:32:59","modified_gmt":"2021-10-26T13:32:59","slug":"horario-de-sala-de-estudio","status":"publish","type":"post","link":"https:\/\/bibliotecablog.laorotava.es\/index.php\/2012\/05\/11\/horario-de-sala-de-estudio\/","title":{"rendered":"HORARIO DE SALA DE ESTUDIO"},"content":{"rendered":"<p>El lunes 14 de mayo &nbsp;comienza la ampliaci\u00f3n de horario de la Biblioteca como sala de estudio. Las puertas permanecer\u00e1n abiertas y la mayor\u00eda de las salas estar\u00e1n disponibles para poder preparar los ex\u00e1menes. S\u00f3lo se permite el acceso a obras de consulta &nbsp;y hacer uso de apuntes y libros propios de cada usuario: los servicios bibliotecarios de consulta, pr\u00e9stamo, devoluciones, reserva, internet, fotocopias e impresiones.., quedan suspendidos despu\u00e9s de terminada la jornada ordinaria de la Biblioteca (a las 21 hs. de lunes a viernes y a las 14 hs. los s\u00e1bados).<br \/>En este enlace puedes consultar los horarios correspondientes a cada d\u00eda y periodo:&nbsp;<a href=\"https:\/\/www.google.com\/fusiontables\/DataSource?snapid=S496530hEnt\" target=\"_blank\" rel=\"noopener\">Horario de Sala de Estudio. Biblioteca Municipal de La Orotava.<\/a><\/p>\n","protected":false},"excerpt":{"rendered":"<p>El lunes 14 de mayo &nbsp;comienza la ampliaci\u00f3n de horario de la Biblioteca como sala de estudio. Las puertas permanecer\u00e1n abiertas y la mayor\u00eda de las salas estar\u00e1n disponibles para poder preparar los ex\u00e1menes. S\u00f3lo se permite el acceso a obras de consulta &nbsp;y hacer uso de apuntes y libros propios de cada usuario: los [&hellip;]<\/p>\n","protected":false},"author":5,"featured_media":0,"comment_status":"open","ping_status":"open","sticky":false,"template":"","format":"standard","meta":{"_et_pb_use_builder":"","_et_pb_old_content":"","_et_gb_content_width":"","jetpack_post_was_ever_published":false,"_jetpack_newsletter_access":"","_jetpack_dont_email_post_to_subs":false,"_jetpack_newsletter_tier_id":0,"_jetpack_memberships_contains_paywalled_content":false,"_jetpack_memberships_contains_paid_content":false,"footnotes":""},"categories":[13],"tags":[157],"class_list":["post-264","post","type-post","status-publish","format-standard","hentry","category-biblioteca","tag-sala-de-estudio"],"jetpack_featured_media_url":"","jetpack_sharing_enabled":true,"_links":{"self":[{"href":"https:\/\/bibliotecablog.laorotava.es\/index.php\/wp-json\/wp\/v2\/posts\/264","targetHints":{"allow":["GET"]}}],"collection":[{"href":"https:\/\/bibliotecablog.laorotava.es\/index.php\/wp-json\/wp\/v2\/posts"}],"about":[{"href":"https:\/\/bibliotecablog.laorotava.es\/index.php\/wp-json\/wp\/v2\/types\/post"}],"author":[{"embeddable":true,"href":"https:\/\/bibliotecablog.laorotava.es\/index.php\/wp-json\/wp\/v2\/users\/5"}],"replies":[{"embeddable":true,"href":"https:\/\/bibliotecablog.laorotava.es\/index.php\/wp-json\/wp\/v2\/comments?post=264"}],"version-history":[{"count":1,"href":"https:\/\/bibliotecablog.laorotava.es\/index.php\/wp-json\/wp\/v2\/posts\/264\/revisions"}],"predecessor-version":[{"id":6503,"href":"https:\/\/bibliotecablog.laorotava.es\/index.php\/wp-json\/wp\/v2\/posts\/264\/revisions\/6503"}],"wp:attachment":[{"href":"https:\/\/bibliotecablog.laorotava.es\/index.php\/wp-json\/wp\/v2\/media?parent=264"}],"wp:term":[{"taxonomy":"category","embeddable":true,"href":"https:\/\/bibliotecablog.laorotava.es\/index.php\/wp-json\/wp\/v2\/categories?post=264"},{"taxonomy":"post_tag","embeddable":true,"href":"https:\/\/bibliotecablog.laorotava.es\/index.php\/wp-json\/wp\/v2\/tags?post=264"}],"curies":[{"name":"wp","href":"https:\/\/api.w.org\/{rel}","templated":true}]}}