{"id":267,"date":"2012-03-15T19:55:00","date_gmt":"2012-03-15T19:55:00","guid":{"rendered":"http:\/\/bibliotecablog.laorotava.es\/index.php\/2012\/03\/15\/dia-de-las-letras-canarias-2012\/"},"modified":"2021-10-26T13:31:12","modified_gmt":"2021-10-26T13:31:12","slug":"dia-de-las-letras-canarias-2012","status":"publish","type":"post","link":"https:\/\/bibliotecablog.laorotava.es\/index.php\/2012\/03\/15\/dia-de-las-letras-canarias-2012\/","title":{"rendered":"D\u00eda de las Letras Canarias 2012"},"content":{"rendered":"<p><a href=\"http:\/\/www.gobiernodecanarias.org\/cultura\/index.asp\" target=\"_blank\" rel=\"noopener\">Viceconsejer\u00eda de Cultura y Deportes &#8211; Gobierno de Canarias<\/a><\/p>\n<p><u><b><span style=\"font-size: small;\">NOTICIA<\/span><\/b><\/u><\/p>\n<h3 style=\"text-align: center;\">        <b>El Gobierno de Canarias presenta el programa del D\u00eda de las Letras Canarias en torno a la figura de Pedro Garc\u00eda Cabrera&nbsp;<\/b><\/h3>\n<table align=\"center\" cellpadding=\"0\" cellspacing=\"0\" style=\"margin-left: auto; margin-right: auto; text-align: center;\">\n<tbody>\n<tr>\n<td style=\"text-align: center;\"><a href=\"http:\/\/2.bp.blogspot.com\/-DKRwYIBupjA\/T2JGgpgiTlI\/AAAAAAAAADA\/2tNyGowYRuc\/s1600\/cartel-pedro_garc%25C3%25ADa_cabrera.jpg\" style=\"margin-left: auto; margin-right: auto;\"><img loading=\"lazy\" decoding=\"async\" border=\"0\" height=\"200\" src=\"http:\/\/2.bp.blogspot.com\/-DKRwYIBupjA\/T2JGgpgiTlI\/AAAAAAAAADA\/2tNyGowYRuc\/s200\/cartel-pedro_garc%25C3%25ADa_cabrera.jpg\" width=\"150\" \/><\/a><\/td>\n<\/tr>\n<tr>\n<td style=\"text-align: center;\"><a href=\"http:\/\/www.gobiernodecanarias.org\/cultura\/dlcan\/pdf\/RDLC_2012.pdf\" target=\"_blank\" rel=\"noopener\">Revista D\u00eda de las Letras Canarias 2012<\/a><\/td>\n<\/tr>\n<\/tbody>\n<\/table>\n<blockquote><p>\u00abEl Gobierno de Canarias, a trav\u00e9s de su \u00e1rea de Cultura, dedicar\u00e1 la  programaci\u00f3n del D\u00eda de las Letras Canarias 2012 a  Pedro Garc\u00eda  Cabrera, en reconocimiento a su prestigioso trabajo intelectual como  escritor. Nacido en La Gomera en 1905, este ilustre canario se destac\u00f3  como poeta, pero tambi\u00e9n por  sus cualidades como persona y como  ciudadano. Considerado uno de los autores m\u00e1s relevantes de la poes\u00eda  hisp\u00e1nica del siglo XX,  concibi\u00f3 las Islas como una totalidad y trat\u00f3  siempre de unirlas en torno a unos conceptos que trascend\u00edan los l\u00edmites  del paisaje.<\/p><\/blockquote>\n<blockquote><p>Garc\u00eda Cabrera, que  falleci\u00f3 en Tenerife en 1981,  representa, adem\u00e1s, una voz esencial para  comprender la l\u00edrica anterior y posterior a la Guerra Civil. Como  ciudadano, demostr\u00f3 su compromiso con los dem\u00e1s y fue un ejemplo de  honestidad intelectual y pol\u00edtica. Su obra a\u00fana tradici\u00f3n y modernidad,  lo que la acerca al lector, que puede reconocerse en los versos del  poeta gomero.\u00bb <a href=\"http:\/\/www.gobiernodecanarias.org\/cultura\/dlcan\/index.html\" target=\"_blank\" rel=\"noopener\">[Leer m\u00e1s&#8230;]<\/a><\/p><\/blockquote>\n","protected":false},"excerpt":{"rendered":"<p>Viceconsejer\u00eda de Cultura y Deportes &#8211; Gobierno de Canarias NOTICIA El Gobierno de Canarias presenta el programa del D\u00eda de las Letras Canarias en torno a la figura de Pedro Garc\u00eda Cabrera&nbsp; Revista D\u00eda de las Letras Canarias 2012 \u00abEl Gobierno de Canarias, a trav\u00e9s de su \u00e1rea de Cultura, dedicar\u00e1 la programaci\u00f3n del D\u00eda [&hellip;]<\/p>\n","protected":false},"author":5,"featured_media":0,"comment_status":"open","ping_status":"open","sticky":false,"template":"","format":"standard","meta":{"_et_pb_use_builder":"","_et_pb_old_content":"","_et_gb_content_width":"","jetpack_post_was_ever_published":false,"_jetpack_newsletter_access":"","_jetpack_dont_email_post_to_subs":false,"_jetpack_newsletter_tier_id":0,"_jetpack_memberships_contains_paywalled_content":false,"_jetpack_memberships_contains_paid_content":false,"footnotes":""},"categories":[13],"tags":[107,165],"class_list":["post-267","post","type-post","status-publish","format-standard","hentry","category-biblioteca","tag-actividades","tag-dia-de-las-letras-canarias"],"jetpack_featured_media_url":"","jetpack_sharing_enabled":true,"_links":{"self":[{"href":"https:\/\/bibliotecablog.laorotava.es\/index.php\/wp-json\/wp\/v2\/posts\/267","targetHints":{"allow":["GET"]}}],"collection":[{"href":"https:\/\/bibliotecablog.laorotava.es\/index.php\/wp-json\/wp\/v2\/posts"}],"about":[{"href":"https:\/\/bibliotecablog.laorotava.es\/index.php\/wp-json\/wp\/v2\/types\/post"}],"author":[{"embeddable":true,"href":"https:\/\/bibliotecablog.laorotava.es\/index.php\/wp-json\/wp\/v2\/users\/5"}],"replies":[{"embeddable":true,"href":"https:\/\/bibliotecablog.laorotava.es\/index.php\/wp-json\/wp\/v2\/comments?post=267"}],"version-history":[{"count":1,"href":"https:\/\/bibliotecablog.laorotava.es\/index.php\/wp-json\/wp\/v2\/posts\/267\/revisions"}],"predecessor-version":[{"id":6501,"href":"https:\/\/bibliotecablog.laorotava.es\/index.php\/wp-json\/wp\/v2\/posts\/267\/revisions\/6501"}],"wp:attachment":[{"href":"https:\/\/bibliotecablog.laorotava.es\/index.php\/wp-json\/wp\/v2\/media?parent=267"}],"wp:term":[{"taxonomy":"category","embeddable":true,"href":"https:\/\/bibliotecablog.laorotava.es\/index.php\/wp-json\/wp\/v2\/categories?post=267"},{"taxonomy":"post_tag","embeddable":true,"href":"https:\/\/bibliotecablog.laorotava.es\/index.php\/wp-json\/wp\/v2\/tags?post=267"}],"curies":[{"name":"wp","href":"https:\/\/api.w.org\/{rel}","templated":true}]}}